{"id":714,"date":"2022-03-31T20:52:54","date_gmt":"2022-03-31T20:52:54","guid":{"rendered":"https:\/\/lavozdesanesteban.cl\/?p=714"},"modified":"2022-03-31T20:52:58","modified_gmt":"2022-03-31T20:52:58","slug":"familias-andinas-continuan-recibiendo-apoyo-para-mejorar-su-alimentacion-y-economia-domestica","status":"publish","type":"post","link":"https:\/\/lavozdesanesteban.cl\/index.php\/2022\/03\/31\/familias-andinas-continuan-recibiendo-apoyo-para-mejorar-su-alimentacion-y-economia-domestica\/","title":{"rendered":"Familias andinas contin\u00faan recibiendo apoyo para mejorar su alimentaci\u00f3n y econom\u00eda dom\u00e9stica"},"content":{"rendered":"\n<p><\/p>\n\n\n\n<p><em>El alcalde Manuel Rivera, comparti\u00f3 con la familia Morales Olivares, del sector rural del Sauce, ubicado en el Camino Internacional para conocer in situ sobre el Programa de Apoyo para familias en el autoconsumo perteneciente al Ministerio de Desarrollo Social y Familia, FOSIS, que se desarrolla en convenio con la Municipalidad de Los Andes, y que le ha servicio para mejorar su econom\u00eda familiar.<\/em><\/p>\n\n\n\n<p>El programa, desarrollado en convenio por el municipio andino, busca promover el consumo saludable de alimentos cultivados por las mismas personas, con el fin de que puedan suplementar su alimentaci\u00f3n, ahorrar y comer saludable. La Municipalidad de Los Andes viene desarrollando este programa hace bastante tiempo, lo que es un gran apoyo para las familias m\u00e1s vulnerables que necesitan generar esa sinergia entre el ahorro y la buena alimentaci\u00f3n. donde los vecinos reciben herramientas para que puedan producir sus propios alimentos saludables.<\/p>\n\n\n\n<p>En el lugar y tras una grata conversaci\u00f3n con la familia el alcalde Manuel Rivera se\u00f1al\u00f3 que estas son las cosas que llenan el coraz\u00f3n y da gusto ver a familias como la de Igor Morales que tienen ganas de aprender y con eso sacar adelante a su familia. Asimismo remarc\u00f3 que da gusto que programas como este que lidera nuestra Direcci\u00f3n de Desarrollo Social den resultados como este y muchos otros.<\/p>\n\n\n\n<p>Por su parte Igor Morales, beneficiario del programa se mostr\u00f3 entusiasta con lo aprendido hasta hoy: \u201ccomo familia estamos muy agradecidos, ya que tenemos la posibilidad de aprender a cultivar la tierra, producir el gallinero, plantar tomatitos, porotos verdes, entre otras cosas para nuestro consumo\u201d.<\/p>\n\n\n\n<p>Morales, quien trabaja ocasionalmente como taxista, agreg\u00f3 que han sido tiempos complejos con la pandemia y esto sin duda nos viene a dar una ayuda importante.<\/p>\n\n\n\n<p>Asimismo, en terreno estuvo, Nilsa Cossio, subdirectora del \u00e1rea social del municipio agreg\u00f3 que este \u201cprograma que se desarrolla en nuestra comuna es para familias del mundo rural, donde les entregamos el apoyo para que puedan sembrar, cultivar, utilizar nuevas tecnolog\u00edas y darle un mejor uso a su lugar donde viven\u201d.<\/p>\n\n\n\n<p>Cabe destacar<em> <\/em>este programa tiene como prop\u00f3sito darles nuevas oportunidades a familias de sectores rurales para que implementen tecnolog\u00edas de producci\u00f3n, procesamiento, preparaci\u00f3n o preservaci\u00f3n de alimentos, junto con la asesor\u00eda t\u00e9cnica, para que as\u00ed produzcan y dispongan de alimentos saludables.<em><\/em><\/p>\n","protected":false},"excerpt":{"rendered":"<p>El alcalde Manuel Rivera, comparti\u00f3 con la familia Morales Olivares, del sector rural del Sauce, ubicado en el Camino Internacional para conocer in situ sobre el Programa de Apoyo para familias en el autoconsumo perteneciente al Ministerio de Desarrollo Social y Familia, FOSIS, que se desarrolla en convenio con la Municipalidad de Los Andes, y &hellip;<\/p>\n","protected":false},"author":2,"featured_media":715,"comment_status":"open","ping_status":"open","sticky":false,"template":"","format":"standard","meta":{"spay_email":""},"categories":[7],"tags":[8],"jetpack_featured_media_url":"https:\/\/lavozdesanesteban.cl\/wp-content\/uploads\/2022\/03\/AUTO-CONSUMO.jpeg","_links":{"self":[{"href":"https:\/\/lavozdesanesteban.cl\/index.php\/wp-json\/wp\/v2\/posts\/714"}],"collection":[{"href":"https:\/\/lavozdesanesteban.cl\/index.php\/wp-json\/wp\/v2\/posts"}],"about":[{"href":"https:\/\/lavozdesanesteban.cl\/index.php\/wp-json\/wp\/v2\/types\/post"}],"author":[{"embeddable":true,"href":"https:\/\/lavozdesanesteban.cl\/index.php\/wp-json\/wp\/v2\/users\/2"}],"replies":[{"embeddable":true,"href":"https:\/\/lavozdesanesteban.cl\/index.php\/wp-json\/wp\/v2\/comments?post=714"}],"version-history":[{"count":1,"href":"https:\/\/lavozdesanesteban.cl\/index.php\/wp-json\/wp\/v2\/posts\/714\/revisions"}],"predecessor-version":[{"id":716,"href":"https:\/\/lavozdesanesteban.cl\/index.php\/wp-json\/wp\/v2\/posts\/714\/revisions\/716"}],"wp:featuredmedia":[{"embeddable":true,"href":"https:\/\/lavozdesanesteban.cl\/index.php\/wp-json\/wp\/v2\/media\/715"}],"wp:attachment":[{"href":"https:\/\/lavozdesanesteban.cl\/index.php\/wp-json\/wp\/v2\/media?parent=714"}],"wp:term":[{"taxonomy":"category","embeddable":true,"href":"https:\/\/lavozdesanesteban.cl\/index.php\/wp-json\/wp\/v2\/categories?post=714"},{"taxonomy":"post_tag","embeddable":true,"href":"https:\/\/lavozdesanesteban.cl\/index.php\/wp-json\/wp\/v2\/tags?post=714"}],"curies":[{"name":"wp","href":"https:\/\/api.w.org\/{rel}","templated":true}]}}