{"id":717,"date":"2022-03-31T20:57:24","date_gmt":"2022-03-31T20:57:24","guid":{"rendered":"https:\/\/lavozdesanesteban.cl\/?p=717"},"modified":"2022-03-31T20:57:26","modified_gmt":"2022-03-31T20:57:26","slug":"delegado-presidencial-valora-extension-del-decreto-de-emergencia-hidrica","status":"publish","type":"post","link":"https:\/\/lavozdesanesteban.cl\/index.php\/2022\/03\/31\/delegado-presidencial-valora-extension-del-decreto-de-emergencia-hidrica\/","title":{"rendered":"Delegado Presidencial valora extensi\u00f3n del Decreto de Emergencia H\u00eddrica"},"content":{"rendered":"\n<p><\/p>\n\n\n\n<ul><li>La extensi\u00f3n del decreto ayudar\u00e1 a focalizar de mejor manera los recursos a trav\u00e9s del INDAP y la CNR para apoyar a los agricultores y peque\u00f1os productores afectados por la sequ\u00eda que atraviesa el pa\u00eds.<\/li><\/ul>\n\n\n\n<p>El Ministro de Agricultura, Esteban Valenzuela, anunci\u00f3 la pr\u00f3rroga por tres meses m\u00e1s del decreto de emergencia agr\u00edcola en 231 comunas del pa\u00eds.<\/p>\n\n\n\n<p>\u201cHemos decidido prolongar por tres meses, es decir, abril, mayo y junio, el decreto de emergencia h\u00eddrica y de sequ\u00eda en 231 municipios del pa\u00eds, b\u00e1sicamente en la zona central, pero tambi\u00e9n (\u2026) a municipios de la regi\u00f3n de Ays\u00e9n\u201d, sostuvo el secretario de Estado tras la cita con ediles representantes de distintos municipios del pa\u00eds.<\/p>\n\n\n\n<p>Por su parte el Delegado Presidencial Provincial de Los Andes, Cristian Aravena, valor\u00f3 el anuncio hecho por el Ministro de Agricultura <em>\u201cestamos muy contentos por el anuncio hecho por el Ministro Agricultura, ya que beneficia a nuestras cuatro comunas y por ende a nuestra gente, lo cual har\u00e1 que se focalicen de mejor manera los recursos que se puedan entregar a trav\u00e9s del Instituto de Desarrollo Agropecuario (INDAP) y Comision Nacional de Riego<a><\/a>, para apoyar a todos nuestros agricultores y por ende, nuestra gente estar\u00e1 mejor\u201d<\/em><\/p>\n\n\n\n<p>Cabe destacar que actualmente la emergencia agr\u00edcola rige en 9 regiones del pa\u00eds (Biob\u00edo, \u00d1uble, Coquimbo, Valpara\u00edso, O\u00b4Higgins, Maule, Los Lagos, Ays\u00e9n y 20 comunas de la Regi\u00f3n Metropolitana), lo que permite una acci\u00f3n m\u00e1s r\u00e1pida y oportuna de los distintos instrumentos econ\u00f3micos de apoyo.<\/p>\n\n\n\n<p>En ese sentido, el Subsecretario de la Agricultura, Jos\u00e9 Guajardo explic\u00f3 que \u201cse han ido incrementando los recursos para las emergencias agr\u00edcolas y estamos trabajando para que esos recursos sean importantes para cada una de las comunas. Estamos abiertos a trabajar en forma mancomunada con cada uno de los alcaldes y alcaldesas\u201d.<\/p>\n","protected":false},"excerpt":{"rendered":"<p>La extensi\u00f3n del decreto ayudar\u00e1 a focalizar de mejor manera los recursos a trav\u00e9s del INDAP y la CNR para apoyar a los agricultores y peque\u00f1os productores afectados por la sequ\u00eda que atraviesa el pa\u00eds. El Ministro de Agricultura, Esteban Valenzuela, anunci\u00f3 la pr\u00f3rroga por tres meses m\u00e1s del decreto de emergencia agr\u00edcola en 231 &hellip;<\/p>\n","protected":false},"author":2,"featured_media":718,"comment_status":"open","ping_status":"open","sticky":false,"template":"","format":"standard","meta":{"spay_email":""},"categories":[7],"tags":[8],"jetpack_featured_media_url":"https:\/\/lavozdesanesteban.cl\/wp-content\/uploads\/2022\/03\/EMERGENCIA.jpeg","_links":{"self":[{"href":"https:\/\/lavozdesanesteban.cl\/index.php\/wp-json\/wp\/v2\/posts\/717"}],"collection":[{"href":"https:\/\/lavozdesanesteban.cl\/index.php\/wp-json\/wp\/v2\/posts"}],"about":[{"href":"https:\/\/lavozdesanesteban.cl\/index.php\/wp-json\/wp\/v2\/types\/post"}],"author":[{"embeddable":true,"href":"https:\/\/lavozdesanesteban.cl\/index.php\/wp-json\/wp\/v2\/users\/2"}],"replies":[{"embeddable":true,"href":"https:\/\/lavozdesanesteban.cl\/index.php\/wp-json\/wp\/v2\/comments?post=717"}],"version-history":[{"count":1,"href":"https:\/\/lavozdesanesteban.cl\/index.php\/wp-json\/wp\/v2\/posts\/717\/revisions"}],"predecessor-version":[{"id":719,"href":"https:\/\/lavozdesanesteban.cl\/index.php\/wp-json\/wp\/v2\/posts\/717\/revisions\/719"}],"wp:featuredmedia":[{"embeddable":true,"href":"https:\/\/lavozdesanesteban.cl\/index.php\/wp-json\/wp\/v2\/media\/718"}],"wp:attachment":[{"href":"https:\/\/lavozdesanesteban.cl\/index.php\/wp-json\/wp\/v2\/media?parent=717"}],"wp:term":[{"taxonomy":"category","embeddable":true,"href":"https:\/\/lavozdesanesteban.cl\/index.php\/wp-json\/wp\/v2\/categories?post=717"},{"taxonomy":"post_tag","embeddable":true,"href":"https:\/\/lavozdesanesteban.cl\/index.php\/wp-json\/wp\/v2\/tags?post=717"}],"curies":[{"name":"wp","href":"https:\/\/api.w.org\/{rel}","templated":true}]}}