{"id":729,"date":"2022-03-31T21:09:51","date_gmt":"2022-03-31T21:09:51","guid":{"rendered":"https:\/\/lavozdesanesteban.cl\/?p=729"},"modified":"2022-03-31T21:09:52","modified_gmt":"2022-03-31T21:09:52","slug":"calle-larga-saca-el-teatro-a-la-plaza-durante-este-fin-de-semana","status":"publish","type":"post","link":"https:\/\/lavozdesanesteban.cl\/index.php\/2022\/03\/31\/calle-larga-saca-el-teatro-a-la-plaza-durante-este-fin-de-semana\/","title":{"rendered":"Calle Larga saca el \u201cTeatro a la Plaza\u201d durante este fin de semana."},"content":{"rendered":"\n<p><br>La primera obra se presenta este jueves con motivo del cierre del Mes de la Mujer, con \u201cLa ni\u00f1a Violeta\u201d, montaje a cargo de la compa\u00f1\u00eda Pez p\u00e1jaro, a las 19.00 hrs. En la Plaza de la comuna.<br>Un completo panorama cultural ofrece la comuna de Calle Larga este fin de semana, luego que anunciar\u00e1 la presentaci\u00f3n de tres reconocidas obras de teatro en las dependencias de la Plaza de la comuna.<br>Este jueves 31 cerrando las actividades del mes de la Mujer, se presenta la obra \u201cLa ni\u00f1a Violeta\u201d, montaje a cargo de la compa\u00f1\u00eda Pez p\u00e1jaro, a las 19.00 hrs.<br>En el mismo escenario, el viernes 1 de abril se presentan a las 19.00 hrs el d\u00fao de musical Malik\u00ed, integrado por la cantante italiana Chiara Raimondi y el m\u00fasico alem\u00e1n Markus Korda, quienes se encuentran en gira por Latinoam\u00e9rica, su repertorio incluye el swing, jazz gitano y m\u00fasica popular italiana, alemana y griega. En la presentaci\u00f3n tambi\u00e9n participara el destacado m\u00fasico de Aconcagua Ignacio Ramos Alvarado \u201cTiolo\u201d.<br>Posteriormente a las 20.00 se presenta la obra teatral \u201cNosotros que nos queremos tanto \u201cmontaje a cargo de la compa\u00f1\u00eda Wu\u00f1elfe. Es una divertida comedia que plantea una serie de situaciones vinculadas al quehacer diario de la vida en pareja y las complejidades de la vida actual.<br>El ciclo de teatro concluye el s\u00e1bado 2 de abril a las 20.00 hrs con la presentaci\u00f3n de la obra \u201cMano de monja\u201d de la compa\u00f1\u00eda El Ba\u00fal. Esta obra cumple ya una d\u00e9cada de funciones en las principales ciudades del pa\u00eds donde ha hecho re\u00edr a distintos p\u00fablicos, es una comedia con mucha iron\u00eda que interact\u00faa con la contingencia a trav\u00e9s del humor, el baile y la m\u00fasica.<br>Un panorama completo y entretenido para toda la familia en el principal paseo p\u00fablico de Calle Larga<\/p>\n","protected":false},"excerpt":{"rendered":"<p>La primera obra se presenta este jueves con motivo del cierre del Mes de la Mujer, con \u201cLa ni\u00f1a Violeta\u201d, montaje a cargo de la compa\u00f1\u00eda Pez p\u00e1jaro, a las 19.00 hrs. En la Plaza de la comuna.Un completo panorama cultural ofrece la comuna de Calle Larga este fin de semana, luego que anunciar\u00e1 la &hellip;<\/p>\n","protected":false},"author":2,"featured_media":730,"comment_status":"open","ping_status":"open","sticky":false,"template":"","format":"standard","meta":{"spay_email":""},"categories":[7],"tags":[8],"jetpack_featured_media_url":"https:\/\/lavozdesanesteban.cl\/wp-content\/uploads\/2022\/03\/CULTURA.jpeg","_links":{"self":[{"href":"https:\/\/lavozdesanesteban.cl\/index.php\/wp-json\/wp\/v2\/posts\/729"}],"collection":[{"href":"https:\/\/lavozdesanesteban.cl\/index.php\/wp-json\/wp\/v2\/posts"}],"about":[{"href":"https:\/\/lavozdesanesteban.cl\/index.php\/wp-json\/wp\/v2\/types\/post"}],"author":[{"embeddable":true,"href":"https:\/\/lavozdesanesteban.cl\/index.php\/wp-json\/wp\/v2\/users\/2"}],"replies":[{"embeddable":true,"href":"https:\/\/lavozdesanesteban.cl\/index.php\/wp-json\/wp\/v2\/comments?post=729"}],"version-history":[{"count":1,"href":"https:\/\/lavozdesanesteban.cl\/index.php\/wp-json\/wp\/v2\/posts\/729\/revisions"}],"predecessor-version":[{"id":731,"href":"https:\/\/lavozdesanesteban.cl\/index.php\/wp-json\/wp\/v2\/posts\/729\/revisions\/731"}],"wp:featuredmedia":[{"embeddable":true,"href":"https:\/\/lavozdesanesteban.cl\/index.php\/wp-json\/wp\/v2\/media\/730"}],"wp:attachment":[{"href":"https:\/\/lavozdesanesteban.cl\/index.php\/wp-json\/wp\/v2\/media?parent=729"}],"wp:term":[{"taxonomy":"category","embeddable":true,"href":"https:\/\/lavozdesanesteban.cl\/index.php\/wp-json\/wp\/v2\/categories?post=729"},{"taxonomy":"post_tag","embeddable":true,"href":"https:\/\/lavozdesanesteban.cl\/index.php\/wp-json\/wp\/v2\/tags?post=729"}],"curies":[{"name":"wp","href":"https:\/\/api.w.org\/{rel}","templated":true}]}}