{"id":927,"date":"2022-04-26T22:27:52","date_gmt":"2022-04-26T22:27:52","guid":{"rendered":"https:\/\/lavozdesanesteban.cl\/?p=927"},"modified":"2022-04-26T22:27:55","modified_gmt":"2022-04-26T22:27:55","slug":"ministro-de-obras-publicas-juan-carlos-garcia-da-a-conocer-plan-nacional-de-invierno-por-138-mil-millones-de-pesos","status":"publish","type":"post","link":"https:\/\/lavozdesanesteban.cl\/index.php\/2022\/04\/26\/ministro-de-obras-publicas-juan-carlos-garcia-da-a-conocer-plan-nacional-de-invierno-por-138-mil-millones-de-pesos\/","title":{"rendered":"Ministro de Obras P\u00fablicas, Juan Carlos Garc\u00eda, da a conocer plan nacional de invierno por 138 mil millones de pesos"},"content":{"rendered":"\n<p><\/p>\n\n\n\n<p>El ministro de Obras P\u00fablicas, Juan Carlos Garc\u00eda, junto al alcalde de Maip\u00fa, Tom\u00e1s Vodanovic, inspeccion\u00f3 hoy los trabajos de limpieza preventiva del Canal Santa Marta, en el contexto de las lluvias pronosticadas para este martes y mi\u00e9rcoles en la Regi\u00f3n Metropolitana. Los trabajos que son ejecutados por el MOP, a trav\u00e9s de la direcci\u00f3n de Obras Hidr\u00e1ulicas, buscan mitigar los efectos de las lluvias en uno de los puntos cr\u00edticos de la comuna.<\/p>\n\n\n\n<p>\u201cLlevamos algunos d\u00edas trabajando aqu\u00ed en el canal Santa Marta, desarrollando trabajos que buscan asegurar el funcionamiento adecuado de un canal que requiere mantenci\u00f3n permanente, una mantenci\u00f3n con maquinaria que seguir\u00e1 presente durante toda esta jornada de lluvias. Pero tambi\u00e9n es un trabajo que venimos haciendo desde el mes de marzo, en diferentes cauces de la capital. Se trata de obras que continuar\u00e1n durante el invierno, porque lo importante ac\u00e1 es asegurar que tengamos la menor cantidad de impactos posibles en los d\u00edas de lluvia que tengamos\u201d, inform\u00f3 el ministro Juan Caros Garc\u00eda luego de supervisar los trabajos ejecutados por el MOP en el sector de Camino a Melipilla con 3 Poniente.<\/p>\n\n\n\n<p>En relaci\u00f3n a una soluci\u00f3n definitiva para el encauzamiento del Canal Santa Marta, el secretario de Estado explic\u00f3 que \u201choy estamos terminando un proyecto que nos va a permitir triplicar la capacidad de este cauce. Las vecinas y vecinos saben que cuando hay exceso de lluvia este canal se desborda, m\u00e1s all\u00e1 de los trabajos de limpieza que hagamos, es un riesgo permanente, por ello esperamos el pr\u00f3ximo a\u00f1o iniciar los trabajos que permitan aumentar la capacidad tres veces m\u00e1s de la que tenemos hoy d\u00eda, de manera que este sector tambi\u00e9n pueda tener una adecuada circulaci\u00f3n durante los d\u00edas de lluvia\u201d.<\/p>\n\n\n\n<p>En esa l\u00ednea, el alcalde de Maip\u00fa, Tom\u00e1s Vodanovic, junto con \u201cagradecer la diligencia y coordinaci\u00f3n que ha tenido el ministro en esta oportunidad para poder trabajar en anticiparnos al frente de lluvias que va a caer en la capital\u201d, dijo que: \u201cEvidentemente no podemos controlar la cantidad de agua que caiga sobre la ciudad. Pero s\u00ed podemos ejecutar una serie de labores preventivas, como por ejemplo el despeje del canal Santa Marta que est\u00e1 en un punto que hist\u00f3ricamente ha sufrido inundaci\u00f3n en nuestra comuna, y donde se requiere una respuesta de corto plazo como la que estamos viendo con la limpieza y el despeje del canal, pero tambi\u00e9n los proyectos de largo plazo que nos permitan construir la infraestructura necesaria para que esto no se inunde cada que caigan m\u00e1s de 30 mil\u00edmetros de lluvia en nuestra comuna\u201d.<\/p>\n\n\n\n<p>Luego de referirse a los trabajos en el Canal Santa Marta de Maip\u00fa, el ministro Juan Carlos Garc\u00eda agreg\u00f3 que: \u201cLo que estamos realizando en distintos cauces y quebradas est\u00e1 en el marco del Plan de Invierno que tenemos como Ministerio de Obras P\u00fablicas, que se inici\u00f3 en el mes de marzo y que se seguir\u00e1 ejecutando durante todo el invierno hasta el mes de agosto. Son en total cerca de 138 mil millones de pesos a nivel nacional, que no solo incluyen obras en la Regi\u00f3n Metropolitana, sino que en todas las regiones del pa\u00eds\u201d.<\/p>\n\n\n\n<p>Durante su visita inspectiva al Canal Santa Marta, el ministro del MOP estuvo acompa\u00f1ado tambi\u00e9n por el seremi de Obras P\u00fablicas, Jorge Daza; el jefe de la divisi\u00f3n de Cauces y Drenajes de la Direcci\u00f3n de Obras Hidr\u00e1ulicas, Milo Mill\u00e1n; y la directora regional de la DOH, Paula Mar\u00edn.<\/p>\n\n\n\n<p>Plan nacional de invierno MOP 2022<\/p>\n\n\n\n<p>El plan considera un conjunto de obras en todo el pa\u00eds de evacuaci\u00f3n de aguas lluvias en zonas urbanas (colectores primarios, canales y parques inundables), obras fluviales (en r\u00edos y esteros), y de control aluvional en quebradas), que buscan proteger a la poblaci\u00f3n y la infraestructura de eventos clim\u00e1ticos extremos que tienen mayor ocurrencia durante el invierno.<\/p>\n\n\n\n<p>En el caso de la Regi\u00f3n Metropolitana, se realizar\u00e1 una inversi\u00f3n total de 16 mil millones de pesos, incluyendo obras de conservaci\u00f3n, emergencia, nuevos proyectos y estudios.<\/p>\n\n\n\n<p>En materia de conservaci\u00f3n destacan, adicionalmente a los trabajos en el Canal Santa Marta, obras de conservaci\u00f3n en el Parque Inundable La Aguada (San Joaqu\u00edn, San Miguel y Pedro Aguirre Cerda), Estero Las Cruces (Quilicura), el Canal Huechuraba (Huechuraba, Conchal\u00ed y Quilicura), cauces de Melipilla y Paine, adem\u00e1s de la quebrada de Macul y el r\u00edo Clarillo en Pirque.<\/p>\n\n\n\n<p>Tambi\u00e9n se trabaja en la instalaci\u00f3n de barreras para control aluvional en las quebradas Huallalol\u00e9n, Seca y \u00d1ilhue (Lo Barnechea), y en el encauzamiento, limpieza y desembanque en cauces en las comunas de San Jos\u00e9 de Maipo y Puente Alto.<\/p>\n\n\n\n<p>A nivel nacional, el MOP destaca en la zona norte la conservaci\u00f3n de riberas de cauces naturales en el Valle Camarones (Regi\u00f3n de Arica y Parinacota); Quebrada Cami\u00f1a (Regi\u00f3n de Tarapac\u00e1); control aluvional en Antofagasta; conservaci\u00f3n de riberas y cauces en San Pedro de Atacama (Regi\u00f3n de Antofagasta); adem\u00e1s de la conservaci\u00f3n de la red primaria de aguas lluvias en Vallenar y Copiap\u00f3 (Regi\u00f3n de Atacama), y en las ciudades de Ovalle y La Serena (Regi\u00f3n de Coquimbo.&nbsp;<\/p>\n\n\n\n<p>En la zona centro del pa\u00eds, se realizar\u00e1 la conservaci\u00f3n de la red primaria de evacuaci\u00f3n y drenaje de Aguas en las ciudades de Valpara\u00edso, Vi\u00f1a del Mar, Quilpu\u00e9, Villa Alemana y Conc\u00f3n; adem\u00e1s de las riberas del r\u00edo Aconcagua, estero Pucal\u00e1n y del r\u00edo Petorca (Regi\u00f3n de Valpara\u00edso); los colectores de aguas lluvias en Rancagua (Regi\u00f3n de O\u00b4Higgins) y Linares (Regi\u00f3n del Maule).<\/p>\n\n\n\n<p>En tanto, en la zona sur del pa\u00eds, se realizar\u00e1n obras preventivas de conservaci\u00f3n en la red primaria de aguas lluvias de distintas ciudades en las regiones de \u00d1uble, Biob\u00edo, Araucan\u00eda y Los R\u00edos; adem\u00e1s de la conservaci\u00f3n de riberas y cauces en Hornopir\u00e9n, Futaleuf\u00fa, Chait\u00e9n, Huailahu\u00e9 y Cocham\u00f3 (Regi\u00f3n de Los Lagos); en los r\u00edos: Cisnes, Arroyo y Puerto Guadal (Regi\u00f3n de Ays\u00e9n), y en los r\u00edos Las Minas y Le\u00f1adura en Punta Arenas (Regi\u00f3n de Magallanes y Ant\u00e1rtica Chilena).<\/p>\n\n\n\n<p>En materia de construcci\u00f3n de soluciones definitivas de infraestructura de aguas lluvias, obras fluviales y de control aluvional destacan los proyectos de: control aluvional en Taltal (Regi\u00f3n de Antofagasta) y Paipote (Regi\u00f3n de Atacama); la construcci\u00f3n de colectores de aguas lluvias en Rengo (Regi\u00f3n de O\u00b4Higgins), Lota, Coronel Tom\u00e9&nbsp; y Los \u00c1ngeles (Regi\u00f3n del Biob\u00edo), en la ciudad de Temuco (Regi\u00f3n de La Araucan\u00eda) y en Puerto Ays\u00e9n (Regi\u00f3n de Ays\u00e9n), adem\u00e1s de las obras de control sedimentol\u00f3gico en el r\u00edo Las Minas en Punta Arenas (Regi\u00f3n de Magallanes).<\/p>\n","protected":false},"excerpt":{"rendered":"<p>El ministro de Obras P\u00fablicas, Juan Carlos Garc\u00eda, junto al alcalde de Maip\u00fa, Tom\u00e1s Vodanovic, inspeccion\u00f3 hoy los trabajos de limpieza preventiva del Canal Santa Marta, en el contexto de las lluvias pronosticadas para este martes y mi\u00e9rcoles en la Regi\u00f3n Metropolitana. Los trabajos que son ejecutados por el MOP, a trav\u00e9s de la direcci\u00f3n &hellip;<\/p>\n","protected":false},"author":2,"featured_media":928,"comment_status":"open","ping_status":"open","sticky":false,"template":"","format":"standard","meta":{"spay_email":""},"categories":[3],"tags":[8],"jetpack_featured_media_url":"https:\/\/lavozdesanesteban.cl\/wp-content\/uploads\/2022\/04\/OBRAS.jpeg","_links":{"self":[{"href":"https:\/\/lavozdesanesteban.cl\/index.php\/wp-json\/wp\/v2\/posts\/927"}],"collection":[{"href":"https:\/\/lavozdesanesteban.cl\/index.php\/wp-json\/wp\/v2\/posts"}],"about":[{"href":"https:\/\/lavozdesanesteban.cl\/index.php\/wp-json\/wp\/v2\/types\/post"}],"author":[{"embeddable":true,"href":"https:\/\/lavozdesanesteban.cl\/index.php\/wp-json\/wp\/v2\/users\/2"}],"replies":[{"embeddable":true,"href":"https:\/\/lavozdesanesteban.cl\/index.php\/wp-json\/wp\/v2\/comments?post=927"}],"version-history":[{"count":1,"href":"https:\/\/lavozdesanesteban.cl\/index.php\/wp-json\/wp\/v2\/posts\/927\/revisions"}],"predecessor-version":[{"id":929,"href":"https:\/\/lavozdesanesteban.cl\/index.php\/wp-json\/wp\/v2\/posts\/927\/revisions\/929"}],"wp:featuredmedia":[{"embeddable":true,"href":"https:\/\/lavozdesanesteban.cl\/index.php\/wp-json\/wp\/v2\/media\/928"}],"wp:attachment":[{"href":"https:\/\/lavozdesanesteban.cl\/index.php\/wp-json\/wp\/v2\/media?parent=927"}],"wp:term":[{"taxonomy":"category","embeddable":true,"href":"https:\/\/lavozdesanesteban.cl\/index.php\/wp-json\/wp\/v2\/categories?post=927"},{"taxonomy":"post_tag","embeddable":true,"href":"https:\/\/lavozdesanesteban.cl\/index.php\/wp-json\/wp\/v2\/tags?post=927"}],"curies":[{"name":"wp","href":"https:\/\/api.w.org\/{rel}","templated":true}]}}