{"id":933,"date":"2022-04-26T22:38:02","date_gmt":"2022-04-26T22:38:02","guid":{"rendered":"https:\/\/lavozdesanesteban.cl\/?p=933"},"modified":"2022-04-26T22:38:06","modified_gmt":"2022-04-26T22:38:06","slug":"dirigentas-del-campamento-manuel-bustos-se-reunieron-junto-a-alcaldesa-ripamonti-en-santiago-con-ministro-de-vivienda","status":"publish","type":"post","link":"https:\/\/lavozdesanesteban.cl\/index.php\/2022\/04\/26\/dirigentas-del-campamento-manuel-bustos-se-reunieron-junto-a-alcaldesa-ripamonti-en-santiago-con-ministro-de-vivienda\/","title":{"rendered":"DIRIGENTAS DEL CAMPAMENTO MANUEL BUSTOS SE REUNIERON JUNTO A ALCALDESA RIPAMONTI EN SANTIAGO CON MINISTRO DE VIVIENDA"},"content":{"rendered":"\n<p><\/p>\n\n\n\n<p>En el encuentro se presentaron 11 propuestas de mediano y largo plazo para avanzar en el proceso de regularizaci\u00f3n.<\/p>\n\n\n\n<p>Con el objetivo de abordar las principales problem\u00e1ticas que les afectan y presentar 11 metas de mediano y largo plazo, dirigentas de los comit\u00e9s de vivienda del Campamento Manuel Bustos junto a la alcaldesa de Vi\u00f1a del Mar, Macarena Ripamonti, sostuvieron una reuni\u00f3n con el Ministro de Vivienda y Urbanismo, Carlos Montes, la Subsecretaria Tatiana Rojas y la seremi de la cartera de la regi\u00f3n de Valpara\u00edso, Bel\u00e9n Paredes, en el ministerio en Santiago.<\/p>\n\n\n\n<p>Las propuestas presentadas por las dirigentas abarcan la regularizaci\u00f3n de pagos para concretar la recepci\u00f3n definitiva de algunas obras, dar continuidad a los programas de habitabilidad primaria (para mitigar urgencias en tanto avanza el saneamiento) y trazar l\u00edneas concretas de acci\u00f3n con plazos definidos para el deslinde sur (compra definitiva de terrenos), entre otros cursos de equipamiento para Vi\u00f1a del Mar oriente (Olivar, Villa Arauco, Villa Independencia, Villa Hermosa, Villa Dulce y Canal Beagle).<\/p>\n\n\n\n<p>\u201cComo municipio de Vi\u00f1a del Mar tomamos el trabajo de colaborar en el gran desaf\u00edo que supone los procesos de radicaci\u00f3n y erradicaci\u00f3n de las decenas de campamentos que existen en la comuna, y comenzamos con la poblaci\u00f3n Manuel Bustos, que desde 1995 y a trav\u00e9s de 23 comit\u00e9s de vivienda siguen esperando, lamentablemente despu\u00e9s de 23 a\u00f1os, el anhelo de su vivienda justa y adecuada\u201d, dijo la alcaldesa Macarena Ripamonti.<\/p>\n\n\n\n<p>Agreg\u00f3 que \u201ccomprometimos en conjunto con el ministro de Vivienda, varias acciones para acelerar estos procesos. Algunas van con la compra \u00e1gil de los deslindes sur, el pago retardado a empresas para consolidar la recepci\u00f3n definitiva de alcantarillado, y un trabajo interministerial para al fin contar con un Cescof y jardines infantiles como parte&nbsp; del equipamiento\u201d.<\/p>\n\n\n\n<p>La jefa comunal detall\u00f3 que \u201ccomo municipio presentamos proyectos para recuperar quebradas y limpieza de aguas negras y colaborar con recarpeteo, asfalto y calles, por medio de programa de habitabilidad primaria como parte de las medidas de mitigaci\u00f3n de corto plazo\u201d.<\/p>\n\n\n\n<p><strong>ENTIDAD PATROCINANTE<\/strong><\/p>\n\n\n\n<p>La reuni\u00f3n se concret\u00f3 tras las gestiones que la alcaldesa Ripamonti realiz\u00f3 ante las autoridades de la cartera, en los encuentros recientes que sostuvo tanto con el ministro Montes como con la seremi, en el municipio.<\/p>\n\n\n\n<p>En la ocasi\u00f3n acord\u00f3 un plan de trabajo colaborativo en que el municipio es entidad patrocinante, a trav\u00e9s de la unidad t\u00e9cnica para Vivienda y Territorio, con profesionales dedicados a campamentos, para la elaboraci\u00f3n de catastro, levantamiento de necesidades de mediano y corto plazo y sus respectivos dise\u00f1os y l\u00edneas de financiamiento.<\/p>\n","protected":false},"excerpt":{"rendered":"<p>En el encuentro se presentaron 11 propuestas de mediano y largo plazo para avanzar en el proceso de regularizaci\u00f3n. Con el objetivo de abordar las principales problem\u00e1ticas que les afectan y presentar 11 metas de mediano y largo plazo, dirigentas de los comit\u00e9s de vivienda del Campamento Manuel Bustos junto a la alcaldesa de Vi\u00f1a &hellip;<\/p>\n","protected":false},"author":2,"featured_media":934,"comment_status":"open","ping_status":"open","sticky":false,"template":"","format":"standard","meta":{"spay_email":""},"categories":[3],"tags":[8],"jetpack_featured_media_url":"https:\/\/lavozdesanesteban.cl\/wp-content\/uploads\/2022\/04\/CAMPAMENTOS.jpeg","_links":{"self":[{"href":"https:\/\/lavozdesanesteban.cl\/index.php\/wp-json\/wp\/v2\/posts\/933"}],"collection":[{"href":"https:\/\/lavozdesanesteban.cl\/index.php\/wp-json\/wp\/v2\/posts"}],"about":[{"href":"https:\/\/lavozdesanesteban.cl\/index.php\/wp-json\/wp\/v2\/types\/post"}],"author":[{"embeddable":true,"href":"https:\/\/lavozdesanesteban.cl\/index.php\/wp-json\/wp\/v2\/users\/2"}],"replies":[{"embeddable":true,"href":"https:\/\/lavozdesanesteban.cl\/index.php\/wp-json\/wp\/v2\/comments?post=933"}],"version-history":[{"count":1,"href":"https:\/\/lavozdesanesteban.cl\/index.php\/wp-json\/wp\/v2\/posts\/933\/revisions"}],"predecessor-version":[{"id":935,"href":"https:\/\/lavozdesanesteban.cl\/index.php\/wp-json\/wp\/v2\/posts\/933\/revisions\/935"}],"wp:featuredmedia":[{"embeddable":true,"href":"https:\/\/lavozdesanesteban.cl\/index.php\/wp-json\/wp\/v2\/media\/934"}],"wp:attachment":[{"href":"https:\/\/lavozdesanesteban.cl\/index.php\/wp-json\/wp\/v2\/media?parent=933"}],"wp:term":[{"taxonomy":"category","embeddable":true,"href":"https:\/\/lavozdesanesteban.cl\/index.php\/wp-json\/wp\/v2\/categories?post=933"},{"taxonomy":"post_tag","embeddable":true,"href":"https:\/\/lavozdesanesteban.cl\/index.php\/wp-json\/wp\/v2\/tags?post=933"}],"curies":[{"name":"wp","href":"https:\/\/api.w.org\/{rel}","templated":true}]}}