{"id":936,"date":"2022-04-26T22:43:00","date_gmt":"2022-04-26T22:43:00","guid":{"rendered":"https:\/\/lavozdesanesteban.cl\/?p=936"},"modified":"2022-04-26T22:43:03","modified_gmt":"2022-04-26T22:43:03","slug":"municipio-transformador-activa-plan-invierno","status":"publish","type":"post","link":"https:\/\/lavozdesanesteban.cl\/index.php\/2022\/04\/26\/municipio-transformador-activa-plan-invierno\/","title":{"rendered":"MUNICIPIO TRANSFORMADOR ACTIVA PLAN INVIERNO"},"content":{"rendered":"\n<p><\/p>\n\n\n\n<p><strong>CON LA MEDIDA SE HACE FRENTE A LA CONTINGENCIA, ANTE EL ANUNCIO DE LLUVIAS, Y A LOS POSIBLES EMBATES DE LA NUEVA ESTACI\u00d3N.<\/strong><\/p>\n\n\n\n<p>Desde marzo, el Municipio Transformador viene fortaleciendo las labores preventivas para hacer frente a la llegada del invierno, medidas que se refuerzan hoy, ante el anuncio de precipitaciones para la regi\u00f3n y la comuna.<\/p>\n\n\n\n<p>La administradora municipal, Karen Poblete, explic\u00f3 que \u201clos equipos municipales han realizado una tarea colaborativa y de coordinaci\u00f3n donde se han abordado medidas preventivas y tambi\u00e9n para el abordaje de la emergencia en s\u00ed\u201d.<\/p>\n\n\n\n<p>Es el Plan Invierno que comenz\u00f3 con la limpieza de c\u00e1maras desarenadoras, canales y el monitoreo de los pasos bajo nivel, para evitar posibles anegamientos, como lo explic\u00f3 el director del departamento de operaciones de la Municipalidad de Villa Alemana, Carlos Aguirre, quien precis\u00f3 que \u201cen el marco del plan preventivo de este plan se encuentra la limpieza de los pasos bajo nivel, por ejemplo, de El Roc\u00edo, Progreso, Riquelme e Ignacio Carrera Pinto, como los principales cruces bajo la l\u00ednea f\u00e9rrea. Tambi\u00e9n destaca la limpieza de sumideros y el monitoreo de los pasos peatonales con Metro y la limpieza de canales\u201d.<\/p>\n\n\n\n<p>La administradora municipal por su parte, agreg\u00f3 adem\u00e1s que a la limpieza de canales se sumaron labores en el colector de lluvias del sector Cumming y se trabaj\u00f3 \u201cen las v\u00edas de acceso en aquellas zonas que se encuentran con algunas dificultades viales. Para esto tambi\u00e9n se realizaron tareas preventivas de perfilado de las calles, como es el sector de Las Am\u00e9ricas, en Vi\u00f1a Fundo El Bosque, el sector de El P\u00e1ramo y tambi\u00e9n por calle Irene Frei, para no generar ning\u00fan impedimento en la accesibilidad vial, ya sea de veh\u00edculos y peatonal\u201d.<\/p>\n\n\n\n<p>Poblete, agreg\u00f3 que para todas estas labores se han dispuesto todos los \u201cdistintos equipos municipales, desde la cuadrilla de emergencias, una cuadrilla de mantenci\u00f3n comunal, la cuadrilla de operaciones, en coordinaci\u00f3n tambi\u00e9n con el equipo de patrullaje preventivo de seguridad p\u00fablica, la encargada de emergencias de DIDECO y el personal de alumbrado p\u00fablico que tambi\u00e9n va a estar atento a todas las demandas y avisos de vecinos en caso que hubieses sectores a oscuras\u201d.<\/p>\n\n\n\n<p>As\u00ed tambi\u00e9n, se puso a disposici\u00f3n de eventuales emergencias, la flota de veh\u00edculos, el cami\u00f3n capacho, en el caso de ca\u00edda \u00e1rboles, y maquinaria, en el caso de derrumbes.<\/p>\n\n\n\n<p>Finalmente, la administradora municipal indic\u00f3 que, junto a la Direcci\u00f3n de Obras Hidr\u00e1ulica (DOH) se realiz\u00f3, de forma preventiva, la limpieza de distintos esteros, contemplando en esto el perfilado de cauces y la instalaci\u00f3n de gaviones.<\/p>\n\n\n\n<p>La Municipalidad de Villa Alemana mantiene activo el tel\u00e9fono de emergencias <strong>+569 65729703.<\/strong><\/p>\n","protected":false},"excerpt":{"rendered":"<p>CON LA MEDIDA SE HACE FRENTE A LA CONTINGENCIA, ANTE EL ANUNCIO DE LLUVIAS, Y A LOS POSIBLES EMBATES DE LA NUEVA ESTACI\u00d3N. Desde marzo, el Municipio Transformador viene fortaleciendo las labores preventivas para hacer frente a la llegada del invierno, medidas que se refuerzan hoy, ante el anuncio de precipitaciones para la regi\u00f3n y &hellip;<\/p>\n","protected":false},"author":2,"featured_media":937,"comment_status":"open","ping_status":"open","sticky":false,"template":"","format":"standard","meta":{"spay_email":""},"categories":[3],"tags":[8],"jetpack_featured_media_url":"https:\/\/lavozdesanesteban.cl\/wp-content\/uploads\/2022\/04\/PLAN-INVIERNO-1.jpg","_links":{"self":[{"href":"https:\/\/lavozdesanesteban.cl\/index.php\/wp-json\/wp\/v2\/posts\/936"}],"collection":[{"href":"https:\/\/lavozdesanesteban.cl\/index.php\/wp-json\/wp\/v2\/posts"}],"about":[{"href":"https:\/\/lavozdesanesteban.cl\/index.php\/wp-json\/wp\/v2\/types\/post"}],"author":[{"embeddable":true,"href":"https:\/\/lavozdesanesteban.cl\/index.php\/wp-json\/wp\/v2\/users\/2"}],"replies":[{"embeddable":true,"href":"https:\/\/lavozdesanesteban.cl\/index.php\/wp-json\/wp\/v2\/comments?post=936"}],"version-history":[{"count":1,"href":"https:\/\/lavozdesanesteban.cl\/index.php\/wp-json\/wp\/v2\/posts\/936\/revisions"}],"predecessor-version":[{"id":938,"href":"https:\/\/lavozdesanesteban.cl\/index.php\/wp-json\/wp\/v2\/posts\/936\/revisions\/938"}],"wp:featuredmedia":[{"embeddable":true,"href":"https:\/\/lavozdesanesteban.cl\/index.php\/wp-json\/wp\/v2\/media\/937"}],"wp:attachment":[{"href":"https:\/\/lavozdesanesteban.cl\/index.php\/wp-json\/wp\/v2\/media?parent=936"}],"wp:term":[{"taxonomy":"category","embeddable":true,"href":"https:\/\/lavozdesanesteban.cl\/index.php\/wp-json\/wp\/v2\/categories?post=936"},{"taxonomy":"post_tag","embeddable":true,"href":"https:\/\/lavozdesanesteban.cl\/index.php\/wp-json\/wp\/v2\/tags?post=936"}],"curies":[{"name":"wp","href":"https:\/\/api.w.org\/{rel}","templated":true}]}}