{"id":948,"date":"2022-04-26T23:00:50","date_gmt":"2022-04-26T23:00:50","guid":{"rendered":"https:\/\/lavozdesanesteban.cl\/?p=948"},"modified":"2022-04-26T23:00:53","modified_gmt":"2022-04-26T23:00:53","slug":"con-masiva-convocatoria-culmina-el-lanzamiento-del-fondo-nacional-del-adulto-mayor-hernan-zapata-farias-2022","status":"publish","type":"post","link":"https:\/\/lavozdesanesteban.cl\/index.php\/2022\/04\/26\/con-masiva-convocatoria-culmina-el-lanzamiento-del-fondo-nacional-del-adulto-mayor-hernan-zapata-farias-2022\/","title":{"rendered":"Con masiva convocatoria culmina el lanzamiento del Fondo Nacional del Adulto Mayor \u201cHern\u00e1n Zapata Far\u00edas 2022\u201d"},"content":{"rendered":"\n<p><\/p>\n\n\n\n<p>El evento tuvo como protagonistas a los adultos mayores de la provincia, quienes a trav\u00e9s de una charla impartida por el Servicio Nacional del Adulto Mayor (SENAMA), se informaron sobre c\u00f3mo postular y de que trata este fondo.<\/p>\n\n\n\n<p>La charla desarrollada en el patio Gabriela Mistral del edificio de la Gobernaci\u00f3n de Los Andes, tuvo una convocatoria de m\u00e1s de 100 asistentes que hicieron sus preguntas, compartieron y se informaron.<\/p>\n\n\n\n<p>Comunicar que el Fondo Nacional del Adulto Mayor, ha sido establecido a trav\u00e9s de la Ley N\u00b0 19.828, que crea a SENAMA y se orienta al financiamiento de proyectos ideados, elaborados y desarrollados por organizaciones de personas mayores -a trav\u00e9s de concurso- para generar autogestiones, autonom\u00eda e independencia en los participantes de dichas organizaciones.<\/p>\n\n\n\n<p>En la ceremonia, el Delegado Presidencial Provincial, Cristian Aravena Reyes, manifest\u00f3 que \u201cestamos muy contentos por nuestros adultos mayores o como dec\u00eda nuestra ex Presidenta Michelle Bachelet, personas con juventud acumulada, puedan volver a sus actividades normales en sus clubes tras la pandemia. Esta capacitaci\u00f3n busca entregarle proyectos que les permitan volver a salir, bailar, hacer deporte y otras actividades. Les agradecemos a SENAMA y felicitamos a los adultos mayores que son el centro de este momento, ojal\u00e1 puedan postular\u201d.<\/p>\n\n\n\n<p>Por su parte, Tamara Carrasco, integrante de este fondo nacional expres\u00f3 que \u201cel objetivo es entregar a las organizaciones de adultos mayores las herramientas necesarias para postular a los proyectos y puedan ejecutarlos de manera aut\u00f3noma\u201d.<\/p>\n\n\n\n<p>El tr\u00e1mite consiste en la presentaci\u00f3n de un proyecto gestionado por la propia organizaci\u00f3n de mayores que favorezca la participaci\u00f3n social y la conexi\u00f3n con redes de apoyo. El tr\u00e1mite finaliza con la emisi\u00f3n de un certificado que permite respaldar la postulaci\u00f3n realizada. Posterior a ello, se lleva cabo la etapa de evaluaci\u00f3n de los proyectos y adjudicaci\u00f3n de estos.<\/p>\n\n\n\n<p>Finalmente, uno de los asistentes, V\u00edctor Bazurro, perteneciente al Club Adulto Mayor Ferroviario, cont\u00f3 que \u201cencontr\u00e9 que fue una charla bien informativa, f\u00e1cil de entender y estamos contentos, agradecidos por todo\u201d.<\/p>\n\n\n\n<p><\/p>\n","protected":false},"excerpt":{"rendered":"<p>El evento tuvo como protagonistas a los adultos mayores de la provincia, quienes a trav\u00e9s de una charla impartida por el Servicio Nacional del Adulto Mayor (SENAMA), se informaron sobre c\u00f3mo postular y de que trata este fondo. La charla desarrollada en el patio Gabriela Mistral del edificio de la Gobernaci\u00f3n de Los Andes, tuvo &hellip;<\/p>\n","protected":false},"author":2,"featured_media":949,"comment_status":"open","ping_status":"open","sticky":false,"template":"","format":"standard","meta":{"spay_email":""},"categories":[7],"tags":[8],"jetpack_featured_media_url":"https:\/\/lavozdesanesteban.cl\/wp-content\/uploads\/2022\/04\/FONDO-ADULTO-MAYOR.jpeg","_links":{"self":[{"href":"https:\/\/lavozdesanesteban.cl\/index.php\/wp-json\/wp\/v2\/posts\/948"}],"collection":[{"href":"https:\/\/lavozdesanesteban.cl\/index.php\/wp-json\/wp\/v2\/posts"}],"about":[{"href":"https:\/\/lavozdesanesteban.cl\/index.php\/wp-json\/wp\/v2\/types\/post"}],"author":[{"embeddable":true,"href":"https:\/\/lavozdesanesteban.cl\/index.php\/wp-json\/wp\/v2\/users\/2"}],"replies":[{"embeddable":true,"href":"https:\/\/lavozdesanesteban.cl\/index.php\/wp-json\/wp\/v2\/comments?post=948"}],"version-history":[{"count":1,"href":"https:\/\/lavozdesanesteban.cl\/index.php\/wp-json\/wp\/v2\/posts\/948\/revisions"}],"predecessor-version":[{"id":950,"href":"https:\/\/lavozdesanesteban.cl\/index.php\/wp-json\/wp\/v2\/posts\/948\/revisions\/950"}],"wp:featuredmedia":[{"embeddable":true,"href":"https:\/\/lavozdesanesteban.cl\/index.php\/wp-json\/wp\/v2\/media\/949"}],"wp:attachment":[{"href":"https:\/\/lavozdesanesteban.cl\/index.php\/wp-json\/wp\/v2\/media?parent=948"}],"wp:term":[{"taxonomy":"category","embeddable":true,"href":"https:\/\/lavozdesanesteban.cl\/index.php\/wp-json\/wp\/v2\/categories?post=948"},{"taxonomy":"post_tag","embeddable":true,"href":"https:\/\/lavozdesanesteban.cl\/index.php\/wp-json\/wp\/v2\/tags?post=948"}],"curies":[{"name":"wp","href":"https:\/\/api.w.org\/{rel}","templated":true}]}}