{"id":958,"date":"2022-04-28T23:41:59","date_gmt":"2022-04-28T23:41:59","guid":{"rendered":"https:\/\/lavozdesanesteban.cl\/?p=958"},"modified":"2022-04-28T23:42:02","modified_gmt":"2022-04-28T23:42:02","slug":"municipalidad-de-san-esteban-y-departamento-de-educacion-inauguran-los-banos-de-la-escuela-rio-colorado","status":"publish","type":"post","link":"https:\/\/lavozdesanesteban.cl\/index.php\/2022\/04\/28\/municipalidad-de-san-esteban-y-departamento-de-educacion-inauguran-los-banos-de-la-escuela-rio-colorado\/","title":{"rendered":"Municipalidad de San Esteban y Departamento de Educaci\u00f3n inauguran los ba\u00f1os de la Escuela R\u00edo Colorado"},"content":{"rendered":"\n<p><\/p>\n\n\n\n<ul><li>Estas obras vienen a cumplir unas de las primeras gestiones de la administraci\u00f3n del Alcalde Christian Ortega, que era dotar de servicios higi\u00e9nicos dignos para la comunidad educativa.<\/li><\/ul>\n\n\n\n<p>En una emotiva ceremonia, se inauguraron los nuevos servicios higi\u00e9nicos de la Escuela R\u00edo Colorado, obras que tuvieron un costo de inversi\u00f3n de alrededor de 17 millones de pesos, y que eran requeridas urgentemente por la comunidad educativa, ya que pr\u00e1cticamente estaban inutilizables.<\/p>\n\n\n\n<p>Estos proyectos, formaron parte de las primeras gestiones que realiz\u00f3 la administraci\u00f3n municipal encabezada por el Alcalde Christian Ortega, dotando al establecimiento de espacios dignos tanto para sus estudiantes como para su profesorado.<\/p>\n\n\n\n<p>En este sentido, el jefe comunal afirm\u00f3 que \u201cen la Escuela R\u00edo Colorado prontamente va a cumplir 100 a\u00f1os y sin duda alguna uno de los desaf\u00edos es empezar a trabajar fuertemente en mejoras para nuestros ni\u00f1os y ni\u00f1as del Camino Internacional. Entregamos los \u00fatiles escolares a todos los alumnos, tambi\u00e9n pudimos visualizar el tema del furg\u00f3n escolar que los ni\u00f1os cuentan para sus traslados. Y lo que era tan importante era el tema de los ba\u00f1os, porque apuntamos a una educaci\u00f3n de calidad, pero una educaci\u00f3n, por sobre todo que apunte a la dignidad y equidad y sin ba\u00f1os, sentimos que eso no corresponde.<\/p>\n\n\n\n<p>Asimismo, agreg\u00f3 que \u201cHoy d\u00eda, los ni\u00f1os del Camino Internacional tienen servicios higi\u00e9nicos como corresponde, para que puedan hacer sus necesidades porque nosotros sent\u00edamos que es fundamental acotar las brechas, pero m\u00e1s importante, desde los temas b\u00e1sicos como lo son los ba\u00f1os. Y por eso es que estamos tan contentos y participamos de esta inauguraci\u00f3n junto a los vecinos y vecinas del sector. Adem\u00e1s, quiero agradecer a todo el equipo directivo del establecimiento, encabezado por su director, por la tremenda \u201cpega\u201d que hacen aqu\u00ed, en Camino Internacional\u201d, enfatiz\u00f3.<\/p>\n\n\n\n<p>Durante la ceremonia, el director del establecimiento, Jonny Boilesve, dio a conocer una serie de hitos importantes que se han materializado durante estos a\u00f1os, como as\u00ed tambi\u00e9n dar a conocer su \u201cProyecci\u00f3n 2022\u201d, que tiene como objetivo presentar las metas y objetivos que realizar\u00e1 el establecimiento educacional durante todo el 2022: \u201cEstamos muy contentos porque era un anhelo de muchos a\u00f1os que se pudieran reparar los ba\u00f1os y pudieran tener los ni\u00f1os un lugar dentro de lo que nosotros tenemos para brindarles, sobre todo un ambiente seguro, que va relacionado con su salud, con tener los ba\u00f1os limpios y sean dignos para que ellos puedan ocupar. Nuevamente, estamos muy felices, agradecidos con las personas que vinieron al acto, los servicios est\u00e1n muy buenos y acondicionados, y de que se van a ocupar de buena manera\u201d, sostuvo.<\/p>\n\n\n\n<p>Finalmente, la Directora del Departamento de Educaci\u00f3n Municipal, Jocelyn Herrera, evalu\u00f3 positivamente este hecho, y valor\u00f3 la serie de mejoras y avances que se han obtenido en diversas tem\u00e1ticas: \u201cEn la jornada de Proyecci\u00f3n de la Escuela R\u00edo Colorado se inauguraron los ba\u00f1os y se destacaron hitos relevantes como lo es el transporte escolar por la subvenci\u00f3n FAEP (Fondo de Apoyo a la Educaci\u00f3n P\u00fablica), la entrega de los \u00fatiles escolares, mediante la subvenci\u00f3n SEP (Subvenci\u00f3n Escolar Preferencial), las tablets digitales que el establecimiento concurs\u00f3 y que gan\u00f3 y otras gestiones que ha realizado el director de la escuela. As\u00ed que fue una jornada de reconocimiento de logros de la comunidad educativa, que beneficia directamente a los estudiantes\u201d, finaliz\u00f3.<\/p>\n","protected":false},"excerpt":{"rendered":"<p>Estas obras vienen a cumplir unas de las primeras gestiones de la administraci\u00f3n del Alcalde Christian Ortega, que era dotar de servicios higi\u00e9nicos dignos para la comunidad educativa. En una emotiva ceremonia, se inauguraron los nuevos servicios higi\u00e9nicos de la Escuela R\u00edo Colorado, obras que tuvieron un costo de inversi\u00f3n de alrededor de 17 millones &hellip;<\/p>\n","protected":false},"author":2,"featured_media":959,"comment_status":"open","ping_status":"open","sticky":false,"template":"","format":"standard","meta":{"spay_email":""},"categories":[2],"tags":[8],"jetpack_featured_media_url":"https:\/\/lavozdesanesteban.cl\/wp-content\/uploads\/2022\/04\/RIO-COLORADO.jpg","_links":{"self":[{"href":"https:\/\/lavozdesanesteban.cl\/index.php\/wp-json\/wp\/v2\/posts\/958"}],"collection":[{"href":"https:\/\/lavozdesanesteban.cl\/index.php\/wp-json\/wp\/v2\/posts"}],"about":[{"href":"https:\/\/lavozdesanesteban.cl\/index.php\/wp-json\/wp\/v2\/types\/post"}],"author":[{"embeddable":true,"href":"https:\/\/lavozdesanesteban.cl\/index.php\/wp-json\/wp\/v2\/users\/2"}],"replies":[{"embeddable":true,"href":"https:\/\/lavozdesanesteban.cl\/index.php\/wp-json\/wp\/v2\/comments?post=958"}],"version-history":[{"count":1,"href":"https:\/\/lavozdesanesteban.cl\/index.php\/wp-json\/wp\/v2\/posts\/958\/revisions"}],"predecessor-version":[{"id":960,"href":"https:\/\/lavozdesanesteban.cl\/index.php\/wp-json\/wp\/v2\/posts\/958\/revisions\/960"}],"wp:featuredmedia":[{"embeddable":true,"href":"https:\/\/lavozdesanesteban.cl\/index.php\/wp-json\/wp\/v2\/media\/959"}],"wp:attachment":[{"href":"https:\/\/lavozdesanesteban.cl\/index.php\/wp-json\/wp\/v2\/media?parent=958"}],"wp:term":[{"taxonomy":"category","embeddable":true,"href":"https:\/\/lavozdesanesteban.cl\/index.php\/wp-json\/wp\/v2\/categories?post=958"},{"taxonomy":"post_tag","embeddable":true,"href":"https:\/\/lavozdesanesteban.cl\/index.php\/wp-json\/wp\/v2\/tags?post=958"}],"curies":[{"name":"wp","href":"https:\/\/api.w.org\/{rel}","templated":true}]}}