{"id":964,"date":"2022-04-29T00:04:19","date_gmt":"2022-04-29T00:04:19","guid":{"rendered":"https:\/\/lavozdesanesteban.cl\/?p=964"},"modified":"2022-04-29T00:04:22","modified_gmt":"2022-04-29T00:04:22","slug":"establecimientos-educacionales-y-union-comunal-de-calle-larga-contaran-con-fibra-optica-gratuita-gracias-a-alianza-con-empresa-mundo","status":"publish","type":"post","link":"https:\/\/lavozdesanesteban.cl\/index.php\/2022\/04\/29\/establecimientos-educacionales-y-union-comunal-de-calle-larga-contaran-con-fibra-optica-gratuita-gracias-a-alianza-con-empresa-mundo\/","title":{"rendered":"Establecimientos Educacionales y Uni\u00f3n Comunal de Calle Larga contar\u00e1n con fibra \u00f3ptica gratuita gracias a alianza con empresa Mundo."},"content":{"rendered":"\n<p><\/p>\n\n\n\n<p><em>En la Escuela La Pampilla se llev\u00f3 a cabo la firma entre la alcaldesa Dina Gonz\u00e1lez Alfaro y la empresa de telecomunicaciones.<\/em><\/p>\n\n\n\n<p>Disminuir la brecha digital es uno de los objetivos primordiales para los establecimientos hoy en d\u00eda. En tiempos en donde la conexi\u00f3n a internet es de vital importancia, para el desarrollo educacional de nuestras ni\u00f1as y ni\u00f1os.<\/p>\n\n\n\n<p>Mas aun cuando, la pandemia nos oblig\u00f3 a trasladar las aulas a los hogares, dejando en evidencia la gran inequidad que existe entre colegios y comunas respecto a la conectividad.<\/p>\n\n\n\n<p>Sin embargo, este mi\u00e9rcoles se marc\u00f3 un hito en la comuna de Calle larga, con la firma que consolid\u00f3 la alianza entre la empresa Mundo y el Municipio, la que permitir\u00e1 que todos los establecimientos educacionales cuenten con internet de alta velocidad, de manera totalmente gratuita.<\/p>\n\n\n\n<p>Al respecto la alcaldesa Dina Gonz\u00e1lez Alfaro, se\u00f1al\u00f3 que \u201cCalle Larga es una comuna que durante a\u00f1os ha estado relegada del servicio de internet. As\u00ed que hoy d\u00eda estamos muy felices de anunciar oficialmente a nuestra comunidad que esta empresa ha llegado a prestar servicios. Creo que los callelarguinos como todos los chilenos merecemos tener una conexi\u00f3n de calidad, particularmente en la \u00e9poca que hemos estado viviendo\u201d.<\/p>\n\n\n\n<p>Por su parte, Harry Cea, Gerente de Clientes de la empresa Mundo, indic\u00f3 que \u201cla alianza p\u00fablico-privada, apunta a democratizar el acceso a internet y algo que los chilenos han buscado que es la justicia territorial, quiero vivir en cualquier lugar de Chile y tener accesos a los servicios b\u00e1sicos, como lo es el internet.<\/p>\n\n\n\n<p>Quienes tambi\u00e9n se ver\u00e1n beneficiados con la red de fibra \u00f3ptica gratuita, ser\u00e1n un grupo de juntas de vecinos de la comuna, quienes adem\u00e1s podr\u00e1n contar con la conexi\u00f3n a la red de cable de Mundo.<\/p>\n","protected":false},"excerpt":{"rendered":"<p>En la Escuela La Pampilla se llev\u00f3 a cabo la firma entre la alcaldesa Dina Gonz\u00e1lez Alfaro y la empresa de telecomunicaciones. Disminuir la brecha digital es uno de los objetivos primordiales para los establecimientos hoy en d\u00eda. En tiempos en donde la conexi\u00f3n a internet es de vital importancia, para el desarrollo educacional de &hellip;<\/p>\n","protected":false},"author":2,"featured_media":965,"comment_status":"open","ping_status":"open","sticky":false,"template":"","format":"standard","meta":{"spay_email":""},"categories":[7],"tags":[8],"jetpack_featured_media_url":"https:\/\/lavozdesanesteban.cl\/wp-content\/uploads\/2022\/04\/MUNDO.jpeg","_links":{"self":[{"href":"https:\/\/lavozdesanesteban.cl\/index.php\/wp-json\/wp\/v2\/posts\/964"}],"collection":[{"href":"https:\/\/lavozdesanesteban.cl\/index.php\/wp-json\/wp\/v2\/posts"}],"about":[{"href":"https:\/\/lavozdesanesteban.cl\/index.php\/wp-json\/wp\/v2\/types\/post"}],"author":[{"embeddable":true,"href":"https:\/\/lavozdesanesteban.cl\/index.php\/wp-json\/wp\/v2\/users\/2"}],"replies":[{"embeddable":true,"href":"https:\/\/lavozdesanesteban.cl\/index.php\/wp-json\/wp\/v2\/comments?post=964"}],"version-history":[{"count":1,"href":"https:\/\/lavozdesanesteban.cl\/index.php\/wp-json\/wp\/v2\/posts\/964\/revisions"}],"predecessor-version":[{"id":966,"href":"https:\/\/lavozdesanesteban.cl\/index.php\/wp-json\/wp\/v2\/posts\/964\/revisions\/966"}],"wp:featuredmedia":[{"embeddable":true,"href":"https:\/\/lavozdesanesteban.cl\/index.php\/wp-json\/wp\/v2\/media\/965"}],"wp:attachment":[{"href":"https:\/\/lavozdesanesteban.cl\/index.php\/wp-json\/wp\/v2\/media?parent=964"}],"wp:term":[{"taxonomy":"category","embeddable":true,"href":"https:\/\/lavozdesanesteban.cl\/index.php\/wp-json\/wp\/v2\/categories?post=964"},{"taxonomy":"post_tag","embeddable":true,"href":"https:\/\/lavozdesanesteban.cl\/index.php\/wp-json\/wp\/v2\/tags?post=964"}],"curies":[{"name":"wp","href":"https:\/\/api.w.org\/{rel}","templated":true}]}}