{"id":967,"date":"2022-04-29T00:08:47","date_gmt":"2022-04-29T00:08:47","guid":{"rendered":"https:\/\/lavozdesanesteban.cl\/?p=967"},"modified":"2022-04-29T00:08:51","modified_gmt":"2022-04-29T00:08:51","slug":"municipio-de-san-esteban-realizo-simbolica-entrega-de-sets-de-utiles-escolares-para-todos-los-estudiantes-de-la-comuna","status":"publish","type":"post","link":"https:\/\/lavozdesanesteban.cl\/index.php\/2022\/04\/29\/municipio-de-san-esteban-realizo-simbolica-entrega-de-sets-de-utiles-escolares-para-todos-los-estudiantes-de-la-comuna\/","title":{"rendered":"Municipio de San Esteban realiz\u00f3 simb\u00f3lica entrega de sets de \u00fatiles escolares para todos los estudiantes de la comuna"},"content":{"rendered":"\n<p><\/p>\n\n\n\n<ul><li>Esta iniciativa aprobada a inicios de febrero, representa una inversi\u00f3n superior a los 100 millones de pesos, la cual beneficiar\u00e1 a todos los estudiantes de la comuna.<\/li><\/ul>\n\n\n\n<p>Durante la ma\u00f1ana de este jueves, en dependencias de la Escuela B\u00e1sica Libertad, se llev\u00f3 a cabo una ceremonia simb\u00f3lica para la entrega de los kits \u00fatiles escolares a los doce establecimientos educacionales de San Esteban. Esto, tras la aprobaci\u00f3n de esta iniciativa, en febrero pasado, por parte del concejo municipal, lo que implic\u00f3 una inversi\u00f3n superior a los 100 millones de pesos, a trav\u00e9s de los fondos SEP, y signific\u00f3 un apoyo importante para las familias sanestebinas.<\/p>\n\n\n\n<p>La iniciativa, que cont\u00f3 con la presencia del Alcalde Christian Ortega, la Directora del Departamento de Educaci\u00f3n Municipal (DAEM), Jocelyn Herrera; adem\u00e1s de los directores y profesores encargados de las escuelas de la comuna.<\/p>\n\n\n\n<p>En la oportunidad, el jefe comunal afirm\u00f3 que \u201cson m\u00e1s de 100 millones de pesos en \u00fatiles escolares para todos los ni\u00f1os y ni\u00f1as de San Esteban, son \u00fatiles de muy buena calidad y de estos recursos que fueron aprobado por nuestro Concejo Municipal y que junto a ayudar el proceso educativo de nuestros ni\u00f1os, tambi\u00e9n creemos que es un gran aporte a las familias de nuestra comuna, que el Municipio pueda brindar los \u00fatiles y no incurran a esos gastos\u201d.<\/p>\n\n\n\n<p>Asimismo, Ortega agreg\u00f3 que \u201cHoy la situaci\u00f3n que estamos viviendo no ha sido f\u00e1cil, as\u00ed que tambi\u00e9n, con poder ayudar a los ni\u00f1os estamos contentos, ya que sin duda es un alivio y una gran ayuda a todas las familias sanestebinas, que creen y conf\u00edan en la educaci\u00f3n p\u00fablica de nuestra comuna\u201d, afirm\u00f3.<\/p>\n\n\n\n<p>Por su parte, la directora DAEM, Jocelyn Herrera afirm\u00f3 que \u201cHoy se entregaron los \u00fatiles escolares a nuestros doce establecimientos educacionales que se encuentran adscritos a la Subvenci\u00f3n Escolar Preferencial (SEP), esta subvenci\u00f3n son recursos que llegan destinados a las escuelas para potenciar el aprendizaje y mejorar las condiciones de nuestros estudiantes.<\/p>\n","protected":false},"excerpt":{"rendered":"<p>Esta iniciativa aprobada a inicios de febrero, representa una inversi\u00f3n superior a los 100 millones de pesos, la cual beneficiar\u00e1 a todos los estudiantes de la comuna. Durante la ma\u00f1ana de este jueves, en dependencias de la Escuela B\u00e1sica Libertad, se llev\u00f3 a cabo una ceremonia simb\u00f3lica para la entrega de los kits \u00fatiles escolares &hellip;<\/p>\n","protected":false},"author":2,"featured_media":968,"comment_status":"open","ping_status":"open","sticky":false,"template":"","format":"standard","meta":{"spay_email":""},"categories":[2],"tags":[8],"jetpack_featured_media_url":"https:\/\/lavozdesanesteban.cl\/wp-content\/uploads\/2022\/04\/UTILES-scaled.jpg","_links":{"self":[{"href":"https:\/\/lavozdesanesteban.cl\/index.php\/wp-json\/wp\/v2\/posts\/967"}],"collection":[{"href":"https:\/\/lavozdesanesteban.cl\/index.php\/wp-json\/wp\/v2\/posts"}],"about":[{"href":"https:\/\/lavozdesanesteban.cl\/index.php\/wp-json\/wp\/v2\/types\/post"}],"author":[{"embeddable":true,"href":"https:\/\/lavozdesanesteban.cl\/index.php\/wp-json\/wp\/v2\/users\/2"}],"replies":[{"embeddable":true,"href":"https:\/\/lavozdesanesteban.cl\/index.php\/wp-json\/wp\/v2\/comments?post=967"}],"version-history":[{"count":1,"href":"https:\/\/lavozdesanesteban.cl\/index.php\/wp-json\/wp\/v2\/posts\/967\/revisions"}],"predecessor-version":[{"id":969,"href":"https:\/\/lavozdesanesteban.cl\/index.php\/wp-json\/wp\/v2\/posts\/967\/revisions\/969"}],"wp:featuredmedia":[{"embeddable":true,"href":"https:\/\/lavozdesanesteban.cl\/index.php\/wp-json\/wp\/v2\/media\/968"}],"wp:attachment":[{"href":"https:\/\/lavozdesanesteban.cl\/index.php\/wp-json\/wp\/v2\/media?parent=967"}],"wp:term":[{"taxonomy":"category","embeddable":true,"href":"https:\/\/lavozdesanesteban.cl\/index.php\/wp-json\/wp\/v2\/categories?post=967"},{"taxonomy":"post_tag","embeddable":true,"href":"https:\/\/lavozdesanesteban.cl\/index.php\/wp-json\/wp\/v2\/tags?post=967"}],"curies":[{"name":"wp","href":"https:\/\/api.w.org\/{rel}","templated":true}]}}